{"id":820,"date":"2022-03-08T11:00:00","date_gmt":"2022-03-08T10:00:00","guid":{"rendered":"https:\/\/prapi.org\/?p=820"},"modified":"2022-06-13T16:05:29","modified_gmt":"2022-06-13T14:05:29","slug":"musica-del-video-a-mi-tambien-me-ha-pasado","status":"publish","type":"post","link":"https:\/\/prapi.org\/index.php\/2022\/03\/08\/musica-del-video-a-mi-tambien-me-ha-pasado\/","title":{"rendered":"M\u00fasica del v\u00eddeo \u00abA m\u00ed tambi\u00e9n me ha pasado\u00bb"},"content":{"rendered":"\n<p>El pasado mes de marzo la asociaci\u00f3n PRAPI colabor\u00f3 con el Centro de Profesorado de Sabi\u00f1\u00e1nigo en la creaci\u00f3n de la m\u00fasica para el v\u00eddeo \u00abA m\u00ed tambi\u00e9n me ha pasado\u00bb. <\/p>\n\n\n\n<p>Este v\u00eddeo surge en el\u00a0<strong>Seminario para la Coordinaci\u00f3n del Plan de Igualdad<\/strong>\u00a0del Centro de Profesorado de Sabi\u00f1\u00e1nigo en el curso 2021-22 tras el visionado de la campa\u00f1a\u00a0<a href=\"https:\/\/www.eldiario.es\/micromachismos\/video-micromachismos-a-mi-tambien-pasado_132_3576534.html\" target=\"_blank\" rel=\"noreferrer noopener\"><em>#Am\u00edtambi\u00e9n me ha pasado<\/em><\/a>\u00a0realizada por elDiario.es en 2017.  Puedes leer m\u00e1s informaci\u00f3n de este proyecto pulsando en el siguiente <a href=\"https:\/\/formacionsabi.es\/a-mi-tambien-me-ha-pasado\/\" target=\"_blank\" rel=\"noreferrer noopener\">enlace<\/a>. <\/p>\n\n\n\n<p><\/p>\n\n\n\n<figure class=\"wp-block-embed aligncenter is-type-video is-provider-youtube wp-block-embed-youtube wp-embed-aspect-16-9 wp-has-aspect-ratio\"><div class=\"wp-block-embed__wrapper\">\n<div class=\"nv-iframe-embed\"><iframe title=\"A mi\u0301 tambie\u0301n me ha pasado\" width=\"1200\" height=\"675\" src=\"https:\/\/www.youtube.com\/embed\/ZTQYC64DEvA?feature=oembed\" frameborder=\"0\" allow=\"accelerometer; autoplay; clipboard-write; encrypted-media; gyroscope; picture-in-picture\" allowfullscreen><\/iframe><\/div>\n<\/div><\/figure>\n","protected":false},"excerpt":{"rendered":"<p>El pasado mes de marzo la asociaci\u00f3n PRAPI colabor\u00f3 con el Centro de Profesorado de Sabi\u00f1\u00e1nigo en la creaci\u00f3n de la m\u00fasica para el v\u00eddeo \u00abA m\u00ed tambi\u00e9n me ha pasado\u00bb. Este v\u00eddeo surge en el\u00a0Seminario para la Coordinaci\u00f3n del Plan de Igualdad\u00a0del Centro de Profesorado de Sabi\u00f1\u00e1nigo en el curso 2021-22 tras el visionado&hellip;&nbsp;<a href=\"https:\/\/prapi.org\/index.php\/2022\/03\/08\/musica-del-video-a-mi-tambien-me-ha-pasado\/\" rel=\"bookmark\">Leer m\u00e1s &raquo;<span class=\"screen-reader-text\">M\u00fasica del v\u00eddeo \u00abA m\u00ed tambi\u00e9n me ha pasado\u00bb<\/span><\/a><\/p>\n","protected":false},"author":2,"featured_media":822,"comment_status":"closed","ping_status":"closed","sticky":false,"template":"","format":"standard","meta":{"_eb_attr":"","neve_meta_sidebar":"","neve_meta_container":"","neve_meta_enable_content_width":"","neve_meta_content_width":0,"neve_meta_title_alignment":"","neve_meta_author_avatar":"","neve_post_elements_order":"[\"title\",\"meta\",\"content\",\"tags\",\"comments\"]","neve_meta_disable_header":"","neve_meta_disable_footer":"","neve_meta_disable_title":"","_themeisle_gutenberg_block_has_review":false,"footnotes":""},"categories":[1],"tags":[23,32,31],"class_list":["post-820","post","type-post","status-publish","format-standard","has-post-thumbnail","hentry","category-novedades","tag-coeducacion","tag-igualdad","tag-tambien-me-ha-pasado"],"yoast_head":"<!-- This site is optimized with the Yoast SEO plugin v27.5 - https:\/\/yoast.com\/product\/yoast-seo-wordpress\/ -->\n<title>M\u00fasica del v\u00eddeo &quot;A m\u00ed tambi\u00e9n me ha pasado&quot; - Proyectos art\u00edsticos del Pirineo - PRAPI<\/title>\n<meta name=\"robots\" content=\"index, follow, max-snippet:-1, max-image-preview:large, max-video-preview:-1\" \/>\n<link rel=\"canonical\" href=\"https:\/\/prapi.org\/index.php\/2022\/03\/08\/musica-del-video-a-mi-tambien-me-ha-pasado\/\" \/>\n<meta property=\"og:locale\" content=\"es_ES\" \/>\n<meta property=\"og:type\" content=\"article\" \/>\n<meta property=\"og:title\" content=\"M\u00fasica del v\u00eddeo &quot;A m\u00ed tambi\u00e9n me ha pasado&quot; - Proyectos art\u00edsticos del Pirineo - PRAPI\" \/>\n<meta property=\"og:description\" content=\"El pasado mes de marzo la asociaci\u00f3n PRAPI colabor\u00f3 con el Centro de Profesorado de Sabi\u00f1\u00e1nigo en la creaci\u00f3n de la m\u00fasica para el v\u00eddeo \u00abA m\u00ed tambi\u00e9n me ha pasado\u00bb. Este v\u00eddeo surge en el\u00a0Seminario para la Coordinaci\u00f3n del Plan de Igualdad\u00a0del Centro de Profesorado de Sabi\u00f1\u00e1nigo en el curso 2021-22 tras el visionado&hellip;&nbsp;Leer m\u00e1s &raquo;M\u00fasica del v\u00eddeo \u00abA m\u00ed tambi\u00e9n me ha pasado\u00bb\" \/>\n<meta property=\"og:url\" content=\"https:\/\/prapi.org\/index.php\/2022\/03\/08\/musica-del-video-a-mi-tambien-me-ha-pasado\/\" \/>\n<meta property=\"og:site_name\" content=\"Proyectos art\u00edsticos del Pirineo - PRAPI\" \/>\n<meta property=\"article:published_time\" content=\"2022-03-08T10:00:00+00:00\" \/>\n<meta property=\"article:modified_time\" content=\"2022-06-13T14:05:29+00:00\" \/>\n<meta property=\"og:image\" content=\"https:\/\/prapi.org\/wp-content\/uploads\/2022\/06\/A-mi-tambien-me-ha-pasado.png\" \/>\n\t<meta property=\"og:image:width\" content=\"1778\" \/>\n\t<meta property=\"og:image:height\" content=\"900\" \/>\n\t<meta property=\"og:image:type\" content=\"image\/png\" \/>\n<meta name=\"author\" content=\"Proyectos Art\u00edsticos del Pirineo\" \/>\n<meta name=\"twitter:card\" content=\"summary_large_image\" \/>\n<meta name=\"twitter:label1\" content=\"Escrito por\" \/>\n\t<meta name=\"twitter:data1\" content=\"Proyectos Art\u00edsticos del Pirineo\" \/>\n\t<meta name=\"twitter:label2\" content=\"Tiempo de lectura\" \/>\n\t<meta name=\"twitter:data2\" content=\"1 minuto\" \/>\n<script type=\"application\/ld+json\" class=\"yoast-schema-graph\">{\"@context\":\"https:\\\/\\\/schema.org\",\"@graph\":[{\"@type\":\"Article\",\"@id\":\"https:\\\/\\\/prapi.org\\\/index.php\\\/2022\\\/03\\\/08\\\/musica-del-video-a-mi-tambien-me-ha-pasado\\\/#article\",\"isPartOf\":{\"@id\":\"https:\\\/\\\/prapi.org\\\/index.php\\\/2022\\\/03\\\/08\\\/musica-del-video-a-mi-tambien-me-ha-pasado\\\/\"},\"author\":{\"name\":\"Proyectos Art\u00edsticos del Pirineo\",\"@id\":\"https:\\\/\\\/prapi.org\\\/#\\\/schema\\\/person\\\/a4862ee09a2df69ad8016173c536e0b5\"},\"headline\":\"M\u00fasica del v\u00eddeo \u00abA m\u00ed tambi\u00e9n me ha pasado\u00bb\",\"datePublished\":\"2022-03-08T10:00:00+00:00\",\"dateModified\":\"2022-06-13T14:05:29+00:00\",\"mainEntityOfPage\":{\"@id\":\"https:\\\/\\\/prapi.org\\\/index.php\\\/2022\\\/03\\\/08\\\/musica-del-video-a-mi-tambien-me-ha-pasado\\\/\"},\"wordCount\":115,\"publisher\":{\"@id\":\"https:\\\/\\\/prapi.org\\\/#organization\"},\"image\":{\"@id\":\"https:\\\/\\\/prapi.org\\\/index.php\\\/2022\\\/03\\\/08\\\/musica-del-video-a-mi-tambien-me-ha-pasado\\\/#primaryimage\"},\"thumbnailUrl\":\"https:\\\/\\\/prapi.org\\\/wp-content\\\/uploads\\\/2022\\\/06\\\/A-mi-tambien-me-ha-pasado.png\",\"keywords\":[\"coeducaci\u00f3n\",\"igualdad\",\"tambi\u00e9n me ha pasado\"],\"articleSection\":[\"Novedades\"],\"inLanguage\":\"es\"},{\"@type\":\"WebPage\",\"@id\":\"https:\\\/\\\/prapi.org\\\/index.php\\\/2022\\\/03\\\/08\\\/musica-del-video-a-mi-tambien-me-ha-pasado\\\/\",\"url\":\"https:\\\/\\\/prapi.org\\\/index.php\\\/2022\\\/03\\\/08\\\/musica-del-video-a-mi-tambien-me-ha-pasado\\\/\",\"name\":\"M\u00fasica del v\u00eddeo \\\"A m\u00ed tambi\u00e9n me ha pasado\\\" - Proyectos art\u00edsticos del Pirineo - PRAPI\",\"isPartOf\":{\"@id\":\"https:\\\/\\\/prapi.org\\\/#website\"},\"primaryImageOfPage\":{\"@id\":\"https:\\\/\\\/prapi.org\\\/index.php\\\/2022\\\/03\\\/08\\\/musica-del-video-a-mi-tambien-me-ha-pasado\\\/#primaryimage\"},\"image\":{\"@id\":\"https:\\\/\\\/prapi.org\\\/index.php\\\/2022\\\/03\\\/08\\\/musica-del-video-a-mi-tambien-me-ha-pasado\\\/#primaryimage\"},\"thumbnailUrl\":\"https:\\\/\\\/prapi.org\\\/wp-content\\\/uploads\\\/2022\\\/06\\\/A-mi-tambien-me-ha-pasado.png\",\"datePublished\":\"2022-03-08T10:00:00+00:00\",\"dateModified\":\"2022-06-13T14:05:29+00:00\",\"breadcrumb\":{\"@id\":\"https:\\\/\\\/prapi.org\\\/index.php\\\/2022\\\/03\\\/08\\\/musica-del-video-a-mi-tambien-me-ha-pasado\\\/#breadcrumb\"},\"inLanguage\":\"es\",\"potentialAction\":[{\"@type\":\"ReadAction\",\"target\":[\"https:\\\/\\\/prapi.org\\\/index.php\\\/2022\\\/03\\\/08\\\/musica-del-video-a-mi-tambien-me-ha-pasado\\\/\"]}]},{\"@type\":\"ImageObject\",\"inLanguage\":\"es\",\"@id\":\"https:\\\/\\\/prapi.org\\\/index.php\\\/2022\\\/03\\\/08\\\/musica-del-video-a-mi-tambien-me-ha-pasado\\\/#primaryimage\",\"url\":\"https:\\\/\\\/prapi.org\\\/wp-content\\\/uploads\\\/2022\\\/06\\\/A-mi-tambien-me-ha-pasado.png\",\"contentUrl\":\"https:\\\/\\\/prapi.org\\\/wp-content\\\/uploads\\\/2022\\\/06\\\/A-mi-tambien-me-ha-pasado.png\",\"width\":1778,\"height\":900},{\"@type\":\"BreadcrumbList\",\"@id\":\"https:\\\/\\\/prapi.org\\\/index.php\\\/2022\\\/03\\\/08\\\/musica-del-video-a-mi-tambien-me-ha-pasado\\\/#breadcrumb\",\"itemListElement\":[{\"@type\":\"ListItem\",\"position\":1,\"name\":\"Portada\",\"item\":\"https:\\\/\\\/prapi.org\\\/\"},{\"@type\":\"ListItem\",\"position\":2,\"name\":\"M\u00fasica del v\u00eddeo \u00abA m\u00ed tambi\u00e9n me ha pasado\u00bb\"}]},{\"@type\":\"WebSite\",\"@id\":\"https:\\\/\\\/prapi.org\\\/#website\",\"url\":\"https:\\\/\\\/prapi.org\\\/\",\"name\":\"Proyectos art\u00edsticos del Pirineo - PRAPI\",\"description\":\"Proyectos art\u00edsticos del Pirineo\",\"publisher\":{\"@id\":\"https:\\\/\\\/prapi.org\\\/#organization\"},\"potentialAction\":[{\"@type\":\"SearchAction\",\"target\":{\"@type\":\"EntryPoint\",\"urlTemplate\":\"https:\\\/\\\/prapi.org\\\/?s={search_term_string}\"},\"query-input\":{\"@type\":\"PropertyValueSpecification\",\"valueRequired\":true,\"valueName\":\"search_term_string\"}}],\"inLanguage\":\"es\"},{\"@type\":\"Organization\",\"@id\":\"https:\\\/\\\/prapi.org\\\/#organization\",\"name\":\"PROYECTOS ARTISTICOS DEL PIRINEO\",\"url\":\"https:\\\/\\\/prapi.org\\\/\",\"logo\":{\"@type\":\"ImageObject\",\"inLanguage\":\"es\",\"@id\":\"https:\\\/\\\/prapi.org\\\/#\\\/schema\\\/logo\\\/image\\\/\",\"url\":\"https:\\\/\\\/prapi.org\\\/wp-content\\\/uploads\\\/2020\\\/03\\\/Logo-PRAPI-color.png\",\"contentUrl\":\"https:\\\/\\\/prapi.org\\\/wp-content\\\/uploads\\\/2020\\\/03\\\/Logo-PRAPI-color.png\",\"width\":961,\"height\":533,\"caption\":\"PROYECTOS ARTISTICOS DEL PIRINEO\"},\"image\":{\"@id\":\"https:\\\/\\\/prapi.org\\\/#\\\/schema\\\/logo\\\/image\\\/\"},\"sameAs\":[\"https:\\\/\\\/www.youtube.com\\\/channel\\\/UCAzWarUlFqye_FDXCj2ETgw\"]},{\"@type\":\"Person\",\"@id\":\"https:\\\/\\\/prapi.org\\\/#\\\/schema\\\/person\\\/a4862ee09a2df69ad8016173c536e0b5\",\"name\":\"Proyectos Art\u00edsticos del Pirineo\",\"image\":{\"@type\":\"ImageObject\",\"inLanguage\":\"es\",\"@id\":\"https:\\\/\\\/secure.gravatar.com\\\/avatar\\\/6ba2b2bebc4a65471de35bb6c85884441f0aa6763feb92fe3a295bf915a8958c?s=96&d=mm&r=g\",\"url\":\"https:\\\/\\\/secure.gravatar.com\\\/avatar\\\/6ba2b2bebc4a65471de35bb6c85884441f0aa6763feb92fe3a295bf915a8958c?s=96&d=mm&r=g\",\"contentUrl\":\"https:\\\/\\\/secure.gravatar.com\\\/avatar\\\/6ba2b2bebc4a65471de35bb6c85884441f0aa6763feb92fe3a295bf915a8958c?s=96&d=mm&r=g\",\"caption\":\"Proyectos Art\u00edsticos del Pirineo\"},\"url\":\"https:\\\/\\\/prapi.org\\\/index.php\\\/author\\\/prapi\\\/\"}]}<\/script>\n<!-- \/ Yoast SEO plugin. -->","yoast_head_json":{"title":"M\u00fasica del v\u00eddeo \"A m\u00ed tambi\u00e9n me ha pasado\" - Proyectos art\u00edsticos del Pirineo - PRAPI","robots":{"index":"index","follow":"follow","max-snippet":"max-snippet:-1","max-image-preview":"max-image-preview:large","max-video-preview":"max-video-preview:-1"},"canonical":"https:\/\/prapi.org\/index.php\/2022\/03\/08\/musica-del-video-a-mi-tambien-me-ha-pasado\/","og_locale":"es_ES","og_type":"article","og_title":"M\u00fasica del v\u00eddeo \"A m\u00ed tambi\u00e9n me ha pasado\" - Proyectos art\u00edsticos del Pirineo - PRAPI","og_description":"El pasado mes de marzo la asociaci\u00f3n PRAPI colabor\u00f3 con el Centro de Profesorado de Sabi\u00f1\u00e1nigo en la creaci\u00f3n de la m\u00fasica para el v\u00eddeo \u00abA m\u00ed tambi\u00e9n me ha pasado\u00bb. Este v\u00eddeo surge en el\u00a0Seminario para la Coordinaci\u00f3n del Plan de Igualdad\u00a0del Centro de Profesorado de Sabi\u00f1\u00e1nigo en el curso 2021-22 tras el visionado&hellip;&nbsp;Leer m\u00e1s &raquo;M\u00fasica del v\u00eddeo \u00abA m\u00ed tambi\u00e9n me ha pasado\u00bb","og_url":"https:\/\/prapi.org\/index.php\/2022\/03\/08\/musica-del-video-a-mi-tambien-me-ha-pasado\/","og_site_name":"Proyectos art\u00edsticos del Pirineo - PRAPI","article_published_time":"2022-03-08T10:00:00+00:00","article_modified_time":"2022-06-13T14:05:29+00:00","og_image":[{"width":1778,"height":900,"url":"https:\/\/prapi.org\/wp-content\/uploads\/2022\/06\/A-mi-tambien-me-ha-pasado.png","type":"image\/png"}],"author":"Proyectos Art\u00edsticos del Pirineo","twitter_card":"summary_large_image","twitter_misc":{"Escrito por":"Proyectos Art\u00edsticos del Pirineo","Tiempo de lectura":"1 minuto"},"schema":{"@context":"https:\/\/schema.org","@graph":[{"@type":"Article","@id":"https:\/\/prapi.org\/index.php\/2022\/03\/08\/musica-del-video-a-mi-tambien-me-ha-pasado\/#article","isPartOf":{"@id":"https:\/\/prapi.org\/index.php\/2022\/03\/08\/musica-del-video-a-mi-tambien-me-ha-pasado\/"},"author":{"name":"Proyectos Art\u00edsticos del Pirineo","@id":"https:\/\/prapi.org\/#\/schema\/person\/a4862ee09a2df69ad8016173c536e0b5"},"headline":"M\u00fasica del v\u00eddeo \u00abA m\u00ed tambi\u00e9n me ha pasado\u00bb","datePublished":"2022-03-08T10:00:00+00:00","dateModified":"2022-06-13T14:05:29+00:00","mainEntityOfPage":{"@id":"https:\/\/prapi.org\/index.php\/2022\/03\/08\/musica-del-video-a-mi-tambien-me-ha-pasado\/"},"wordCount":115,"publisher":{"@id":"https:\/\/prapi.org\/#organization"},"image":{"@id":"https:\/\/prapi.org\/index.php\/2022\/03\/08\/musica-del-video-a-mi-tambien-me-ha-pasado\/#primaryimage"},"thumbnailUrl":"https:\/\/prapi.org\/wp-content\/uploads\/2022\/06\/A-mi-tambien-me-ha-pasado.png","keywords":["coeducaci\u00f3n","igualdad","tambi\u00e9n me ha pasado"],"articleSection":["Novedades"],"inLanguage":"es"},{"@type":"WebPage","@id":"https:\/\/prapi.org\/index.php\/2022\/03\/08\/musica-del-video-a-mi-tambien-me-ha-pasado\/","url":"https:\/\/prapi.org\/index.php\/2022\/03\/08\/musica-del-video-a-mi-tambien-me-ha-pasado\/","name":"M\u00fasica del v\u00eddeo \"A m\u00ed tambi\u00e9n me ha pasado\" - Proyectos art\u00edsticos del Pirineo - PRAPI","isPartOf":{"@id":"https:\/\/prapi.org\/#website"},"primaryImageOfPage":{"@id":"https:\/\/prapi.org\/index.php\/2022\/03\/08\/musica-del-video-a-mi-tambien-me-ha-pasado\/#primaryimage"},"image":{"@id":"https:\/\/prapi.org\/index.php\/2022\/03\/08\/musica-del-video-a-mi-tambien-me-ha-pasado\/#primaryimage"},"thumbnailUrl":"https:\/\/prapi.org\/wp-content\/uploads\/2022\/06\/A-mi-tambien-me-ha-pasado.png","datePublished":"2022-03-08T10:00:00+00:00","dateModified":"2022-06-13T14:05:29+00:00","breadcrumb":{"@id":"https:\/\/prapi.org\/index.php\/2022\/03\/08\/musica-del-video-a-mi-tambien-me-ha-pasado\/#breadcrumb"},"inLanguage":"es","potentialAction":[{"@type":"ReadAction","target":["https:\/\/prapi.org\/index.php\/2022\/03\/08\/musica-del-video-a-mi-tambien-me-ha-pasado\/"]}]},{"@type":"ImageObject","inLanguage":"es","@id":"https:\/\/prapi.org\/index.php\/2022\/03\/08\/musica-del-video-a-mi-tambien-me-ha-pasado\/#primaryimage","url":"https:\/\/prapi.org\/wp-content\/uploads\/2022\/06\/A-mi-tambien-me-ha-pasado.png","contentUrl":"https:\/\/prapi.org\/wp-content\/uploads\/2022\/06\/A-mi-tambien-me-ha-pasado.png","width":1778,"height":900},{"@type":"BreadcrumbList","@id":"https:\/\/prapi.org\/index.php\/2022\/03\/08\/musica-del-video-a-mi-tambien-me-ha-pasado\/#breadcrumb","itemListElement":[{"@type":"ListItem","position":1,"name":"Portada","item":"https:\/\/prapi.org\/"},{"@type":"ListItem","position":2,"name":"M\u00fasica del v\u00eddeo \u00abA m\u00ed tambi\u00e9n me ha pasado\u00bb"}]},{"@type":"WebSite","@id":"https:\/\/prapi.org\/#website","url":"https:\/\/prapi.org\/","name":"Proyectos art\u00edsticos del Pirineo - PRAPI","description":"Proyectos art\u00edsticos del Pirineo","publisher":{"@id":"https:\/\/prapi.org\/#organization"},"potentialAction":[{"@type":"SearchAction","target":{"@type":"EntryPoint","urlTemplate":"https:\/\/prapi.org\/?s={search_term_string}"},"query-input":{"@type":"PropertyValueSpecification","valueRequired":true,"valueName":"search_term_string"}}],"inLanguage":"es"},{"@type":"Organization","@id":"https:\/\/prapi.org\/#organization","name":"PROYECTOS ARTISTICOS DEL PIRINEO","url":"https:\/\/prapi.org\/","logo":{"@type":"ImageObject","inLanguage":"es","@id":"https:\/\/prapi.org\/#\/schema\/logo\/image\/","url":"https:\/\/prapi.org\/wp-content\/uploads\/2020\/03\/Logo-PRAPI-color.png","contentUrl":"https:\/\/prapi.org\/wp-content\/uploads\/2020\/03\/Logo-PRAPI-color.png","width":961,"height":533,"caption":"PROYECTOS ARTISTICOS DEL PIRINEO"},"image":{"@id":"https:\/\/prapi.org\/#\/schema\/logo\/image\/"},"sameAs":["https:\/\/www.youtube.com\/channel\/UCAzWarUlFqye_FDXCj2ETgw"]},{"@type":"Person","@id":"https:\/\/prapi.org\/#\/schema\/person\/a4862ee09a2df69ad8016173c536e0b5","name":"Proyectos Art\u00edsticos del Pirineo","image":{"@type":"ImageObject","inLanguage":"es","@id":"https:\/\/secure.gravatar.com\/avatar\/6ba2b2bebc4a65471de35bb6c85884441f0aa6763feb92fe3a295bf915a8958c?s=96&d=mm&r=g","url":"https:\/\/secure.gravatar.com\/avatar\/6ba2b2bebc4a65471de35bb6c85884441f0aa6763feb92fe3a295bf915a8958c?s=96&d=mm&r=g","contentUrl":"https:\/\/secure.gravatar.com\/avatar\/6ba2b2bebc4a65471de35bb6c85884441f0aa6763feb92fe3a295bf915a8958c?s=96&d=mm&r=g","caption":"Proyectos Art\u00edsticos del Pirineo"},"url":"https:\/\/prapi.org\/index.php\/author\/prapi\/"}]}},"_links":{"self":[{"href":"https:\/\/prapi.org\/index.php\/wp-json\/wp\/v2\/posts\/820","targetHints":{"allow":["GET"]}}],"collection":[{"href":"https:\/\/prapi.org\/index.php\/wp-json\/wp\/v2\/posts"}],"about":[{"href":"https:\/\/prapi.org\/index.php\/wp-json\/wp\/v2\/types\/post"}],"author":[{"embeddable":true,"href":"https:\/\/prapi.org\/index.php\/wp-json\/wp\/v2\/users\/2"}],"replies":[{"embeddable":true,"href":"https:\/\/prapi.org\/index.php\/wp-json\/wp\/v2\/comments?post=820"}],"version-history":[{"count":0,"href":"https:\/\/prapi.org\/index.php\/wp-json\/wp\/v2\/posts\/820\/revisions"}],"wp:featuredmedia":[{"embeddable":true,"href":"https:\/\/prapi.org\/index.php\/wp-json\/wp\/v2\/media\/822"}],"wp:attachment":[{"href":"https:\/\/prapi.org\/index.php\/wp-json\/wp\/v2\/media?parent=820"}],"wp:term":[{"taxonomy":"category","embeddable":true,"href":"https:\/\/prapi.org\/index.php\/wp-json\/wp\/v2\/categories?post=820"},{"taxonomy":"post_tag","embeddable":true,"href":"https:\/\/prapi.org\/index.php\/wp-json\/wp\/v2\/tags?post=820"}],"curies":[{"name":"wp","href":"https:\/\/api.w.org\/{rel}","templated":true}]}}