{"id":1270,"date":"2024-09-04T17:49:51","date_gmt":"2024-09-04T15:49:51","guid":{"rendered":"https:\/\/prapi.org\/?p=1270"},"modified":"2024-09-04T17:49:51","modified_gmt":"2024-09-04T15:49:51","slug":"nueva-cancion-musica-ya","status":"publish","type":"post","link":"https:\/\/prapi.org\/index.php\/2024\/09\/04\/nueva-cancion-musica-ya\/","title":{"rendered":"Nueva canci\u00f3n: \u00a1M\u00fasica ya!"},"content":{"rendered":"\n<p>\u201cEscucha bien, esta aventura ya va a comenzar\u2026\u201d <\/p>\n\n\n\n<p>Un nuevo curso nos espera y desde PRAPI lo recibimos a ritmo de ska y reggae con una nueva canci\u00f3n titulada \u201c\u00a1M\u00fasica ya!\u201d<\/p>\n\n\n\n<p>Con esta canci\u00f3n pretendemos dar la bienvenida a nuestro alumnado a las clases de m\u00fasica y comenzar el curso con ilusi\u00f3n, motivaci\u00f3n y ganas de aprender y de disfrutar.<\/p>\n\n\n\n<p>Pulsando <a href=\"https:\/\/prapi.org\/index.php\/proyectos\/musica-ya\/\" target=\"_blank\" rel=\"noreferrer noopener\"><strong>AQU\u00cd<\/strong><\/a> o en el men\u00fa de PROYECTOS podr\u00e1s acceder a la canci\u00f3n y sus materiales.<\/p>\n\n\n<div class=\"wp-block-image\">\n<figure class=\"aligncenter size-large\"><a href=\"https:\/\/prapi.org\/index.php\/proyectos\/musica-ya\/\" target=\"_blank\" rel=\"noreferrer noopener\"><img fetchpriority=\"high\" decoding=\"async\" width=\"1024\" height=\"315\" src=\"https:\/\/prapi.org\/wp-content\/uploads\/2024\/09\/Musica-Ya-BANNER-1-1024x315.jpg\" alt=\"\" class=\"wp-image-1256\" srcset=\"https:\/\/prapi.org\/wp-content\/uploads\/2024\/09\/Musica-Ya-BANNER-1-1024x315.jpg 1024w, https:\/\/prapi.org\/wp-content\/uploads\/2024\/09\/Musica-Ya-BANNER-1-300x92.jpg 300w, https:\/\/prapi.org\/wp-content\/uploads\/2024\/09\/Musica-Ya-BANNER-1-768x236.jpg 768w, https:\/\/prapi.org\/wp-content\/uploads\/2024\/09\/Musica-Ya-BANNER-1-1536x473.jpg 1536w, https:\/\/prapi.org\/wp-content\/uploads\/2024\/09\/Musica-Ya-BANNER-1-2048x630.jpg 2048w\" sizes=\"(max-width: 1024px) 100vw, 1024px\" \/><\/a><\/figure>\n<\/div>","protected":false},"excerpt":{"rendered":"<p>\u201cEscucha bien, esta aventura ya va a comenzar\u2026\u201d Un nuevo curso nos espera y desde PRAPI lo recibimos a ritmo de ska y reggae con una nueva canci\u00f3n titulada \u201c\u00a1M\u00fasica ya!\u201d Con esta canci\u00f3n pretendemos dar la bienvenida a nuestro alumnado a las clases de m\u00fasica y comenzar el curso con ilusi\u00f3n, motivaci\u00f3n y ganas&hellip;&nbsp;<a href=\"https:\/\/prapi.org\/index.php\/2024\/09\/04\/nueva-cancion-musica-ya\/\" rel=\"bookmark\">Leer m\u00e1s &raquo;<span class=\"screen-reader-text\">Nueva canci\u00f3n: \u00a1M\u00fasica ya!<\/span><\/a><\/p>\n","protected":false},"author":2,"featured_media":1256,"comment_status":"open","ping_status":"open","sticky":false,"template":"","format":"standard","meta":{"_eb_attr":"","neve_meta_sidebar":"","neve_meta_container":"","neve_meta_enable_content_width":"","neve_meta_content_width":0,"neve_meta_title_alignment":"","neve_meta_author_avatar":"","neve_post_elements_order":"[\"title\",\"meta\",\"content\",\"tags\",\"comments\"]","neve_meta_disable_header":"","neve_meta_disable_footer":"","neve_meta_disable_title":"","_themeisle_gutenberg_block_has_review":false,"footnotes":""},"categories":[67],"tags":[66,65,29],"class_list":["post-1270","post","type-post","status-publish","format-standard","has-post-thumbnail","hentry","category-musica-ya","tag-inicio-curso","tag-musica-ya","tag-musicas"],"yoast_head":"<!-- This site is optimized with the Yoast SEO plugin v27.4 - https:\/\/yoast.com\/product\/yoast-seo-wordpress\/ -->\n<title>Nueva canci\u00f3n: \u00a1M\u00fasica ya! - Proyectos art\u00edsticos del Pirineo - PRAPI<\/title>\n<meta name=\"description\" content=\"\u00a1Que estalle la Paz!\u00a0es el t\u00edtulo de una canci\u00f3n creada para trabajar en los centros educativos el\u00a0D\u00eda Escolar de la No Violencia y la Paz\u00a0que se celebra cada a\u00f1o el\u00a030 de enero.Se trata de un proyecto\u00a0vivo\u00a0y actualmente en construcci\u00f3n que ir\u00e1\u00a0creciendo\u00a0y\u00a0ampli\u00e1ndose\u00a0con m\u00e1s materiales a medida que la vayamos trabajando en nuestros centros educativos.\" \/>\n<meta name=\"robots\" content=\"index, follow, max-snippet:-1, max-image-preview:large, max-video-preview:-1\" \/>\n<link rel=\"canonical\" href=\"https:\/\/prapi.org\/index.php\/2024\/09\/04\/nueva-cancion-musica-ya\/\" \/>\n<meta property=\"og:locale\" content=\"es_ES\" \/>\n<meta property=\"og:type\" content=\"article\" \/>\n<meta property=\"og:title\" content=\"Nueva canci\u00f3n: \u00a1M\u00fasica ya! - Proyectos art\u00edsticos del Pirineo - PRAPI\" \/>\n<meta property=\"og:description\" content=\"\u00a1Que estalle la Paz!\u00a0es el t\u00edtulo de una canci\u00f3n creada para trabajar en los centros educativos el\u00a0D\u00eda Escolar de la No Violencia y la Paz\u00a0que se celebra cada a\u00f1o el\u00a030 de enero.Se trata de un proyecto\u00a0vivo\u00a0y actualmente en construcci\u00f3n que ir\u00e1\u00a0creciendo\u00a0y\u00a0ampli\u00e1ndose\u00a0con m\u00e1s materiales a medida que la vayamos trabajando en nuestros centros educativos.\" \/>\n<meta property=\"og:url\" content=\"https:\/\/prapi.org\/index.php\/2024\/09\/04\/nueva-cancion-musica-ya\/\" \/>\n<meta property=\"og:site_name\" content=\"Proyectos art\u00edsticos del Pirineo - PRAPI\" \/>\n<meta property=\"article:published_time\" content=\"2024-09-04T15:49:51+00:00\" \/>\n<meta property=\"og:image\" content=\"https:\/\/prapi.org\/wp-content\/uploads\/2024\/09\/Musica-Ya-BANNER-1-scaled.jpg\" \/>\n\t<meta property=\"og:image:width\" content=\"2560\" \/>\n\t<meta property=\"og:image:height\" content=\"788\" \/>\n\t<meta property=\"og:image:type\" content=\"image\/jpeg\" \/>\n<meta name=\"author\" content=\"Proyectos Art\u00edsticos del Pirineo\" \/>\n<meta name=\"twitter:card\" content=\"summary_large_image\" \/>\n<meta name=\"twitter:label1\" content=\"Escrito por\" \/>\n\t<meta name=\"twitter:data1\" content=\"Proyectos Art\u00edsticos del Pirineo\" \/>\n\t<meta name=\"twitter:label2\" content=\"Tiempo de lectura\" \/>\n\t<meta name=\"twitter:data2\" content=\"1 minuto\" \/>\n<script type=\"application\/ld+json\" class=\"yoast-schema-graph\">{\"@context\":\"https:\\\/\\\/schema.org\",\"@graph\":[{\"@type\":\"Article\",\"@id\":\"https:\\\/\\\/prapi.org\\\/index.php\\\/2024\\\/09\\\/04\\\/nueva-cancion-musica-ya\\\/#article\",\"isPartOf\":{\"@id\":\"https:\\\/\\\/prapi.org\\\/index.php\\\/2024\\\/09\\\/04\\\/nueva-cancion-musica-ya\\\/\"},\"author\":{\"name\":\"Proyectos Art\u00edsticos del Pirineo\",\"@id\":\"https:\\\/\\\/prapi.org\\\/#\\\/schema\\\/person\\\/a4862ee09a2df69ad8016173c536e0b5\"},\"headline\":\"Nueva canci\u00f3n: \u00a1M\u00fasica ya!\",\"datePublished\":\"2024-09-04T15:49:51+00:00\",\"mainEntityOfPage\":{\"@id\":\"https:\\\/\\\/prapi.org\\\/index.php\\\/2024\\\/09\\\/04\\\/nueva-cancion-musica-ya\\\/\"},\"wordCount\":90,\"commentCount\":0,\"publisher\":{\"@id\":\"https:\\\/\\\/prapi.org\\\/#organization\"},\"image\":{\"@id\":\"https:\\\/\\\/prapi.org\\\/index.php\\\/2024\\\/09\\\/04\\\/nueva-cancion-musica-ya\\\/#primaryimage\"},\"thumbnailUrl\":\"https:\\\/\\\/prapi.org\\\/wp-content\\\/uploads\\\/2024\\\/09\\\/Musica-Ya-BANNER-1-scaled.jpg\",\"keywords\":[\"inicio curso\",\"M\u00fasica ya\",\"m\u00fasicas\"],\"articleSection\":[\"M\u00fasica ya\"],\"inLanguage\":\"es\",\"potentialAction\":[{\"@type\":\"CommentAction\",\"name\":\"Comment\",\"target\":[\"https:\\\/\\\/prapi.org\\\/index.php\\\/2024\\\/09\\\/04\\\/nueva-cancion-musica-ya\\\/#respond\"]}]},{\"@type\":\"WebPage\",\"@id\":\"https:\\\/\\\/prapi.org\\\/index.php\\\/2024\\\/09\\\/04\\\/nueva-cancion-musica-ya\\\/\",\"url\":\"https:\\\/\\\/prapi.org\\\/index.php\\\/2024\\\/09\\\/04\\\/nueva-cancion-musica-ya\\\/\",\"name\":\"Nueva canci\u00f3n: \u00a1M\u00fasica ya! - Proyectos art\u00edsticos del Pirineo - PRAPI\",\"isPartOf\":{\"@id\":\"https:\\\/\\\/prapi.org\\\/#website\"},\"primaryImageOfPage\":{\"@id\":\"https:\\\/\\\/prapi.org\\\/index.php\\\/2024\\\/09\\\/04\\\/nueva-cancion-musica-ya\\\/#primaryimage\"},\"image\":{\"@id\":\"https:\\\/\\\/prapi.org\\\/index.php\\\/2024\\\/09\\\/04\\\/nueva-cancion-musica-ya\\\/#primaryimage\"},\"thumbnailUrl\":\"https:\\\/\\\/prapi.org\\\/wp-content\\\/uploads\\\/2024\\\/09\\\/Musica-Ya-BANNER-1-scaled.jpg\",\"datePublished\":\"2024-09-04T15:49:51+00:00\",\"description\":\"\u00a1Que estalle la Paz!\u00a0es el t\u00edtulo de una canci\u00f3n creada para trabajar en los centros educativos el\u00a0D\u00eda Escolar de la No Violencia y la Paz\u00a0que se celebra cada a\u00f1o el\u00a030 de enero.Se trata de un proyecto\u00a0vivo\u00a0y actualmente en construcci\u00f3n que ir\u00e1\u00a0creciendo\u00a0y\u00a0ampli\u00e1ndose\u00a0con m\u00e1s materiales a medida que la vayamos trabajando en nuestros centros educativos.\",\"breadcrumb\":{\"@id\":\"https:\\\/\\\/prapi.org\\\/index.php\\\/2024\\\/09\\\/04\\\/nueva-cancion-musica-ya\\\/#breadcrumb\"},\"inLanguage\":\"es\",\"potentialAction\":[{\"@type\":\"ReadAction\",\"target\":[\"https:\\\/\\\/prapi.org\\\/index.php\\\/2024\\\/09\\\/04\\\/nueva-cancion-musica-ya\\\/\"]}]},{\"@type\":\"ImageObject\",\"inLanguage\":\"es\",\"@id\":\"https:\\\/\\\/prapi.org\\\/index.php\\\/2024\\\/09\\\/04\\\/nueva-cancion-musica-ya\\\/#primaryimage\",\"url\":\"https:\\\/\\\/prapi.org\\\/wp-content\\\/uploads\\\/2024\\\/09\\\/Musica-Ya-BANNER-1-scaled.jpg\",\"contentUrl\":\"https:\\\/\\\/prapi.org\\\/wp-content\\\/uploads\\\/2024\\\/09\\\/Musica-Ya-BANNER-1-scaled.jpg\",\"width\":2560,\"height\":788},{\"@type\":\"BreadcrumbList\",\"@id\":\"https:\\\/\\\/prapi.org\\\/index.php\\\/2024\\\/09\\\/04\\\/nueva-cancion-musica-ya\\\/#breadcrumb\",\"itemListElement\":[{\"@type\":\"ListItem\",\"position\":1,\"name\":\"Portada\",\"item\":\"https:\\\/\\\/prapi.org\\\/\"},{\"@type\":\"ListItem\",\"position\":2,\"name\":\"Nueva canci\u00f3n: \u00a1M\u00fasica ya!\"}]},{\"@type\":\"WebSite\",\"@id\":\"https:\\\/\\\/prapi.org\\\/#website\",\"url\":\"https:\\\/\\\/prapi.org\\\/\",\"name\":\"Proyectos art\u00edsticos del Pirineo - PRAPI\",\"description\":\"Proyectos art\u00edsticos del Pirineo\",\"publisher\":{\"@id\":\"https:\\\/\\\/prapi.org\\\/#organization\"},\"potentialAction\":[{\"@type\":\"SearchAction\",\"target\":{\"@type\":\"EntryPoint\",\"urlTemplate\":\"https:\\\/\\\/prapi.org\\\/?s={search_term_string}\"},\"query-input\":{\"@type\":\"PropertyValueSpecification\",\"valueRequired\":true,\"valueName\":\"search_term_string\"}}],\"inLanguage\":\"es\"},{\"@type\":\"Organization\",\"@id\":\"https:\\\/\\\/prapi.org\\\/#organization\",\"name\":\"PROYECTOS ARTISTICOS DEL PIRINEO\",\"url\":\"https:\\\/\\\/prapi.org\\\/\",\"logo\":{\"@type\":\"ImageObject\",\"inLanguage\":\"es\",\"@id\":\"https:\\\/\\\/prapi.org\\\/#\\\/schema\\\/logo\\\/image\\\/\",\"url\":\"https:\\\/\\\/prapi.org\\\/wp-content\\\/uploads\\\/2020\\\/03\\\/Logo-PRAPI-color.png\",\"contentUrl\":\"https:\\\/\\\/prapi.org\\\/wp-content\\\/uploads\\\/2020\\\/03\\\/Logo-PRAPI-color.png\",\"width\":961,\"height\":533,\"caption\":\"PROYECTOS ARTISTICOS DEL PIRINEO\"},\"image\":{\"@id\":\"https:\\\/\\\/prapi.org\\\/#\\\/schema\\\/logo\\\/image\\\/\"},\"sameAs\":[\"https:\\\/\\\/www.youtube.com\\\/channel\\\/UCAzWarUlFqye_FDXCj2ETgw\"]},{\"@type\":\"Person\",\"@id\":\"https:\\\/\\\/prapi.org\\\/#\\\/schema\\\/person\\\/a4862ee09a2df69ad8016173c536e0b5\",\"name\":\"Proyectos Art\u00edsticos del Pirineo\",\"image\":{\"@type\":\"ImageObject\",\"inLanguage\":\"es\",\"@id\":\"https:\\\/\\\/secure.gravatar.com\\\/avatar\\\/6ba2b2bebc4a65471de35bb6c85884441f0aa6763feb92fe3a295bf915a8958c?s=96&d=mm&r=g\",\"url\":\"https:\\\/\\\/secure.gravatar.com\\\/avatar\\\/6ba2b2bebc4a65471de35bb6c85884441f0aa6763feb92fe3a295bf915a8958c?s=96&d=mm&r=g\",\"contentUrl\":\"https:\\\/\\\/secure.gravatar.com\\\/avatar\\\/6ba2b2bebc4a65471de35bb6c85884441f0aa6763feb92fe3a295bf915a8958c?s=96&d=mm&r=g\",\"caption\":\"Proyectos Art\u00edsticos del Pirineo\"},\"url\":\"https:\\\/\\\/prapi.org\\\/index.php\\\/author\\\/prapi\\\/\"}]}<\/script>\n<!-- \/ Yoast SEO plugin. -->","yoast_head_json":{"title":"Nueva canci\u00f3n: \u00a1M\u00fasica ya! - Proyectos art\u00edsticos del Pirineo - PRAPI","description":"\u00a1Que estalle la Paz!\u00a0es el t\u00edtulo de una canci\u00f3n creada para trabajar en los centros educativos el\u00a0D\u00eda Escolar de la No Violencia y la Paz\u00a0que se celebra cada a\u00f1o el\u00a030 de enero.Se trata de un proyecto\u00a0vivo\u00a0y actualmente en construcci\u00f3n que ir\u00e1\u00a0creciendo\u00a0y\u00a0ampli\u00e1ndose\u00a0con m\u00e1s materiales a medida que la vayamos trabajando en nuestros centros educativos.","robots":{"index":"index","follow":"follow","max-snippet":"max-snippet:-1","max-image-preview":"max-image-preview:large","max-video-preview":"max-video-preview:-1"},"canonical":"https:\/\/prapi.org\/index.php\/2024\/09\/04\/nueva-cancion-musica-ya\/","og_locale":"es_ES","og_type":"article","og_title":"Nueva canci\u00f3n: \u00a1M\u00fasica ya! - Proyectos art\u00edsticos del Pirineo - PRAPI","og_description":"\u00a1Que estalle la Paz!\u00a0es el t\u00edtulo de una canci\u00f3n creada para trabajar en los centros educativos el\u00a0D\u00eda Escolar de la No Violencia y la Paz\u00a0que se celebra cada a\u00f1o el\u00a030 de enero.Se trata de un proyecto\u00a0vivo\u00a0y actualmente en construcci\u00f3n que ir\u00e1\u00a0creciendo\u00a0y\u00a0ampli\u00e1ndose\u00a0con m\u00e1s materiales a medida que la vayamos trabajando en nuestros centros educativos.","og_url":"https:\/\/prapi.org\/index.php\/2024\/09\/04\/nueva-cancion-musica-ya\/","og_site_name":"Proyectos art\u00edsticos del Pirineo - PRAPI","article_published_time":"2024-09-04T15:49:51+00:00","og_image":[{"width":2560,"height":788,"url":"https:\/\/prapi.org\/wp-content\/uploads\/2024\/09\/Musica-Ya-BANNER-1-scaled.jpg","type":"image\/jpeg"}],"author":"Proyectos Art\u00edsticos del Pirineo","twitter_card":"summary_large_image","twitter_misc":{"Escrito por":"Proyectos Art\u00edsticos del Pirineo","Tiempo de lectura":"1 minuto"},"schema":{"@context":"https:\/\/schema.org","@graph":[{"@type":"Article","@id":"https:\/\/prapi.org\/index.php\/2024\/09\/04\/nueva-cancion-musica-ya\/#article","isPartOf":{"@id":"https:\/\/prapi.org\/index.php\/2024\/09\/04\/nueva-cancion-musica-ya\/"},"author":{"name":"Proyectos Art\u00edsticos del Pirineo","@id":"https:\/\/prapi.org\/#\/schema\/person\/a4862ee09a2df69ad8016173c536e0b5"},"headline":"Nueva canci\u00f3n: \u00a1M\u00fasica ya!","datePublished":"2024-09-04T15:49:51+00:00","mainEntityOfPage":{"@id":"https:\/\/prapi.org\/index.php\/2024\/09\/04\/nueva-cancion-musica-ya\/"},"wordCount":90,"commentCount":0,"publisher":{"@id":"https:\/\/prapi.org\/#organization"},"image":{"@id":"https:\/\/prapi.org\/index.php\/2024\/09\/04\/nueva-cancion-musica-ya\/#primaryimage"},"thumbnailUrl":"https:\/\/prapi.org\/wp-content\/uploads\/2024\/09\/Musica-Ya-BANNER-1-scaled.jpg","keywords":["inicio curso","M\u00fasica ya","m\u00fasicas"],"articleSection":["M\u00fasica ya"],"inLanguage":"es","potentialAction":[{"@type":"CommentAction","name":"Comment","target":["https:\/\/prapi.org\/index.php\/2024\/09\/04\/nueva-cancion-musica-ya\/#respond"]}]},{"@type":"WebPage","@id":"https:\/\/prapi.org\/index.php\/2024\/09\/04\/nueva-cancion-musica-ya\/","url":"https:\/\/prapi.org\/index.php\/2024\/09\/04\/nueva-cancion-musica-ya\/","name":"Nueva canci\u00f3n: \u00a1M\u00fasica ya! - Proyectos art\u00edsticos del Pirineo - PRAPI","isPartOf":{"@id":"https:\/\/prapi.org\/#website"},"primaryImageOfPage":{"@id":"https:\/\/prapi.org\/index.php\/2024\/09\/04\/nueva-cancion-musica-ya\/#primaryimage"},"image":{"@id":"https:\/\/prapi.org\/index.php\/2024\/09\/04\/nueva-cancion-musica-ya\/#primaryimage"},"thumbnailUrl":"https:\/\/prapi.org\/wp-content\/uploads\/2024\/09\/Musica-Ya-BANNER-1-scaled.jpg","datePublished":"2024-09-04T15:49:51+00:00","description":"\u00a1Que estalle la Paz!\u00a0es el t\u00edtulo de una canci\u00f3n creada para trabajar en los centros educativos el\u00a0D\u00eda Escolar de la No Violencia y la Paz\u00a0que se celebra cada a\u00f1o el\u00a030 de enero.Se trata de un proyecto\u00a0vivo\u00a0y actualmente en construcci\u00f3n que ir\u00e1\u00a0creciendo\u00a0y\u00a0ampli\u00e1ndose\u00a0con m\u00e1s materiales a medida que la vayamos trabajando en nuestros centros educativos.","breadcrumb":{"@id":"https:\/\/prapi.org\/index.php\/2024\/09\/04\/nueva-cancion-musica-ya\/#breadcrumb"},"inLanguage":"es","potentialAction":[{"@type":"ReadAction","target":["https:\/\/prapi.org\/index.php\/2024\/09\/04\/nueva-cancion-musica-ya\/"]}]},{"@type":"ImageObject","inLanguage":"es","@id":"https:\/\/prapi.org\/index.php\/2024\/09\/04\/nueva-cancion-musica-ya\/#primaryimage","url":"https:\/\/prapi.org\/wp-content\/uploads\/2024\/09\/Musica-Ya-BANNER-1-scaled.jpg","contentUrl":"https:\/\/prapi.org\/wp-content\/uploads\/2024\/09\/Musica-Ya-BANNER-1-scaled.jpg","width":2560,"height":788},{"@type":"BreadcrumbList","@id":"https:\/\/prapi.org\/index.php\/2024\/09\/04\/nueva-cancion-musica-ya\/#breadcrumb","itemListElement":[{"@type":"ListItem","position":1,"name":"Portada","item":"https:\/\/prapi.org\/"},{"@type":"ListItem","position":2,"name":"Nueva canci\u00f3n: \u00a1M\u00fasica ya!"}]},{"@type":"WebSite","@id":"https:\/\/prapi.org\/#website","url":"https:\/\/prapi.org\/","name":"Proyectos art\u00edsticos del Pirineo - PRAPI","description":"Proyectos art\u00edsticos del Pirineo","publisher":{"@id":"https:\/\/prapi.org\/#organization"},"potentialAction":[{"@type":"SearchAction","target":{"@type":"EntryPoint","urlTemplate":"https:\/\/prapi.org\/?s={search_term_string}"},"query-input":{"@type":"PropertyValueSpecification","valueRequired":true,"valueName":"search_term_string"}}],"inLanguage":"es"},{"@type":"Organization","@id":"https:\/\/prapi.org\/#organization","name":"PROYECTOS ARTISTICOS DEL PIRINEO","url":"https:\/\/prapi.org\/","logo":{"@type":"ImageObject","inLanguage":"es","@id":"https:\/\/prapi.org\/#\/schema\/logo\/image\/","url":"https:\/\/prapi.org\/wp-content\/uploads\/2020\/03\/Logo-PRAPI-color.png","contentUrl":"https:\/\/prapi.org\/wp-content\/uploads\/2020\/03\/Logo-PRAPI-color.png","width":961,"height":533,"caption":"PROYECTOS ARTISTICOS DEL PIRINEO"},"image":{"@id":"https:\/\/prapi.org\/#\/schema\/logo\/image\/"},"sameAs":["https:\/\/www.youtube.com\/channel\/UCAzWarUlFqye_FDXCj2ETgw"]},{"@type":"Person","@id":"https:\/\/prapi.org\/#\/schema\/person\/a4862ee09a2df69ad8016173c536e0b5","name":"Proyectos Art\u00edsticos del Pirineo","image":{"@type":"ImageObject","inLanguage":"es","@id":"https:\/\/secure.gravatar.com\/avatar\/6ba2b2bebc4a65471de35bb6c85884441f0aa6763feb92fe3a295bf915a8958c?s=96&d=mm&r=g","url":"https:\/\/secure.gravatar.com\/avatar\/6ba2b2bebc4a65471de35bb6c85884441f0aa6763feb92fe3a295bf915a8958c?s=96&d=mm&r=g","contentUrl":"https:\/\/secure.gravatar.com\/avatar\/6ba2b2bebc4a65471de35bb6c85884441f0aa6763feb92fe3a295bf915a8958c?s=96&d=mm&r=g","caption":"Proyectos Art\u00edsticos del Pirineo"},"url":"https:\/\/prapi.org\/index.php\/author\/prapi\/"}]}},"_links":{"self":[{"href":"https:\/\/prapi.org\/index.php\/wp-json\/wp\/v2\/posts\/1270","targetHints":{"allow":["GET"]}}],"collection":[{"href":"https:\/\/prapi.org\/index.php\/wp-json\/wp\/v2\/posts"}],"about":[{"href":"https:\/\/prapi.org\/index.php\/wp-json\/wp\/v2\/types\/post"}],"author":[{"embeddable":true,"href":"https:\/\/prapi.org\/index.php\/wp-json\/wp\/v2\/users\/2"}],"replies":[{"embeddable":true,"href":"https:\/\/prapi.org\/index.php\/wp-json\/wp\/v2\/comments?post=1270"}],"version-history":[{"count":3,"href":"https:\/\/prapi.org\/index.php\/wp-json\/wp\/v2\/posts\/1270\/revisions"}],"predecessor-version":[{"id":1301,"href":"https:\/\/prapi.org\/index.php\/wp-json\/wp\/v2\/posts\/1270\/revisions\/1301"}],"wp:featuredmedia":[{"embeddable":true,"href":"https:\/\/prapi.org\/index.php\/wp-json\/wp\/v2\/media\/1256"}],"wp:attachment":[{"href":"https:\/\/prapi.org\/index.php\/wp-json\/wp\/v2\/media?parent=1270"}],"wp:term":[{"taxonomy":"category","embeddable":true,"href":"https:\/\/prapi.org\/index.php\/wp-json\/wp\/v2\/categories?post=1270"},{"taxonomy":"post_tag","embeddable":true,"href":"https:\/\/prapi.org\/index.php\/wp-json\/wp\/v2\/tags?post=1270"}],"curies":[{"name":"wp","href":"https:\/\/api.w.org\/{rel}","templated":true}]}}